{"id":4132,"date":"2014-06-05T12:00:05","date_gmt":"2014-06-05T09:00:05","guid":{"rendered":"https:\/\/f4.ecl.lt\/nuova\/nauja-scena-mieste-muzikinis-balkonas-2014-06-05\/"},"modified":"2024-03-06T09:40:02","modified_gmt":"2024-03-06T07:40:02","slug":"nauja-scena-mieste-muzikinis-balkonas-2014-06-05","status":"publish","type":"post","link":"https:\/\/nuova.lt\/en\/nauja-scena-mieste-muzikinis-balkonas-2014-06-05\/","title":{"rendered":"Nauja scena mieste &#8211; \u201eMuzikinis balkonas\u201c (2014.06.05)"},"content":{"rendered":"<p>Kaunie\u010diai nenustoja stebinti savo k\u016brybingumu, energija ir id\u0117jomis. Bir\u017eelio 5-\u0105j\u0105 Kauno senamiestyje startavo salsos ritm\u0173 prisodrintas \u201eMuzikinis balkonas\u201c.<\/p>\n<p>Prie\u0161ais istorin\u0119 Lietuvos prezident\u016br\u0105 \u012fsik\u016brusi nekilnojamo turto vystymo kompanija \u201eNuova\u201c nuosav\u0105 balkon\u0117l\u012f pavert\u0117 stulbinan\u010dia scena. \u010cia i\u0161 g\u0117l\u0117mis ir kompaktiniais diskais dekoruoto balkono kiekvien\u0105 bir\u017eelio ketvirtadien\u012f vyks \u012fvairios muzikin\u0117s ir \u0161oki\u0173 programos.<\/p>\n<p>Pirmojo renginio metu visa gatv\u0117 alsavo salsos ritmu. I\u0161 muzikinio balkono sklindant muzikai, profesionalus \u0161oki\u0173 studijos \u201eMe Gusta\u201c mokytojas Haroldas praeivius kviet\u0117 i\u0161mokti salsos \u017eingsneli\u0173. Kaunie\u010diai itin noriai \u012fsitrauk\u0117 \u012f nuotaiking\u0105 rengin\u012f ir spar\u010diai i\u0161moko lengv\u0173 \u0161io temperamentingojo \u0161okio \u017eingsneli\u0173.<\/p>\n<p>\u201eNaujasis Kauno \u0161\u016bkis \u2013 \u201eKaunas dalinasi\u201c \u2013 ir mus \u012fkv\u0117p\u0117 aktyviai prisid\u0117ti prie gra\u017eesnio ir laimingesnio gyvenimo k\u016brimo. Kai matai, kaip gatv\u0117je \u017emon\u0117s sustoja ir ima \u0161ypsotis, pradeda \u0161okti, fotografuoti, bendrauti, supranti, koki\u0105 didel\u0119 prasm\u0119 turi tokios socialin\u0117s iniciatyvos\u201c, \u2013 sak\u0117 renginio iniciator\u0117, \u201eNuova\u201c \u012fmoni\u0173 grup\u0117s valdybos nar\u0117 Liuda Znaidauskien\u0117. \u2013 Padar\u0117me tiek nedaug! Pasitelk\u0119 kruopel\u0119 k\u016brybi\u0161kumo ir \u012f pagalb\u0105 pasikviet\u0119 jaunus iniciatyvius \u017emones suk\u016br\u0117me energijos ir geros nuotaikos u\u017etais\u0105 visai ateinan\u010diai savaitei. Tikrai nesustosime, turime daug gra\u017ei\u0173 id\u0117j\u0173, kaip pa\u012fvairinti Kauno miesto gyvenim\u0105.\u201c<\/p>\n<p>Kaunietis muzikantas Linas Adomaitis taip pat entuziastingai pritaria tokioms iniciatyvoms. \u201eNe kart\u0105 esu pats dalyvav\u0119s pana\u0161iuose projektuose. Itin smagu groti tropiniuose kra\u0161tuose, kur kitoks klimatas, naktys \u0161iltos. Ten \u012fvairios muzikin\u0117s improvizacijos gali t\u0119stis iki pat pary\u010di\u0173. Visada \u012f tokius neformalius muzikavimus \u017ei\u016briu teigiamai, nesvarbu, ar tai b\u016bt\u0173 balkonas, ar terasa, ar koks sve\u010di\u0173 nam\u0173 kiemas\u201c, \u2013 kalb\u0117jo atlik\u0117jas.<\/p>\n<p>Kit\u0105 ketvirtadien\u012f, bir\u017eelio 12d., nuo 19 val. savo stipriu balsu ir melodingomis dainomis d\u017eiugins televizijos projekte \u201eLietuvos balsas\u201c dalyvavusi Kristina Kurtinait\u0117 (Kristi), o bir\u017eelio 19 d. \u2013 Aist\u0117 Tomkevi\u010di\u016bt\u0117 (AiStay). Paskutinis bir\u017eelio ketvirtadienis, kaip ir pirmasis, bus skirtas salsos ritmams ir pamokoms. Pasibaigus pamokoms, naujai i\u0161kepti \u0161ok\u0117jai gal\u0117s linksmai tobulinti i\u0161moktus salsos judesius.<\/p>\n<p>&nbsp;<\/p>\n<p style=\"text-align: center;\"><strong>\u201eMuzikinio balkono\u201c programa:<\/strong><br \/>\nBir\u017eelio 12 d. 19:00 &#8211; 21:00 val.<br \/>\n<strong>Kristi gyvai<\/strong><br \/>\nBir\u017eelio 19 d. 19:00 &#8211; 21:00 val.<br \/>\n<strong>AiStay gyvai<\/strong><br \/>\nBir\u017eelio 26 d. 19:00 &#8211; 21:00 val.<\/p>\n<p style=\"text-align: center;\"><strong> Gatv\u0117 alsuos Salsos ritmu!<\/strong><\/p>","protected":false},"excerpt":{"rendered":"<p>Kaunie\u010diai nenustoja stebinti savo k\u016brybingumu, energija ir id\u0117jomis. Bir\u017eelio 5-\u0105j\u0105 Kauno senamiestyje startavo salsos ritm\u0173 prisodrintas \u201eMuzikinis balkonas\u201c. Prie\u0161ais istorin\u0119 Lietuvos prezident\u016br\u0105 \u012fsik\u016brusi nekilnojamo turto vystymo kompanija \u201eNuova\u201c nuosav\u0105 balkon\u0117l\u012f pavert\u0117 stulbinan\u010dia scena. \u010cia i\u0161 g\u0117l\u0117mis ir kompaktiniais diskais dekoruoto balkono kiekvien\u0105 bir\u017eelio ketvirtadien\u012f vyks \u012fvairios muzikin\u0117s ir \u0161oki\u0173 programos. Pirmojo renginio metu visa gatv\u0117 [&hellip;]<\/p>","protected":false},"author":1,"featured_media":4120,"comment_status":"open","ping_status":"closed","sticky":false,"template":"","format":"standard","meta":{"footnotes":""},"categories":[23,25],"tags":[],"class_list":["post-4132","post","type-post","status-publish","format-standard","has-post-thumbnail","hentry","category-renginiu-pranesimai","category-veiklos-pranesimai"],"_links":{"self":[{"href":"https:\/\/nuova.lt\/en\/wp-json\/wp\/v2\/posts\/4132","targetHints":{"allow":["GET"]}}],"collection":[{"href":"https:\/\/nuova.lt\/en\/wp-json\/wp\/v2\/posts"}],"about":[{"href":"https:\/\/nuova.lt\/en\/wp-json\/wp\/v2\/types\/post"}],"author":[{"embeddable":true,"href":"https:\/\/nuova.lt\/en\/wp-json\/wp\/v2\/users\/1"}],"replies":[{"embeddable":true,"href":"https:\/\/nuova.lt\/en\/wp-json\/wp\/v2\/comments?post=4132"}],"version-history":[{"count":0,"href":"https:\/\/nuova.lt\/en\/wp-json\/wp\/v2\/posts\/4132\/revisions"}],"wp:featuredmedia":[{"embeddable":true,"href":"https:\/\/nuova.lt\/en\/wp-json\/wp\/v2\/media\/4120"}],"wp:attachment":[{"href":"https:\/\/nuova.lt\/en\/wp-json\/wp\/v2\/media?parent=4132"}],"wp:term":[{"taxonomy":"category","embeddable":true,"href":"https:\/\/nuova.lt\/en\/wp-json\/wp\/v2\/categories?post=4132"},{"taxonomy":"post_tag","embeddable":true,"href":"https:\/\/nuova.lt\/en\/wp-json\/wp\/v2\/tags?post=4132"}],"curies":[{"name":"wp","href":"https:\/\/api.w.org\/{rel}","templated":true}]}}