{"id":4133,"date":"2014-07-02T12:00:56","date_gmt":"2014-07-02T09:00:56","guid":{"rendered":"https:\/\/f4.ecl.lt\/nuova\/muzikinis-balkonas-savaitgali-pasitiks-salsos-ritmu-2014-07-02\/"},"modified":"2024-03-06T09:40:02","modified_gmt":"2024-03-06T07:40:02","slug":"muzikinis-balkonas-savaitgali-pasitiks-salsos-ritmu-2014-07-02","status":"publish","type":"post","link":"https:\/\/nuova.lt\/en\/muzikinis-balkonas-savaitgali-pasitiks-salsos-ritmu-2014-07-02\/","title":{"rendered":"\u201eMuzikinis balkonas\u201d savaitgal\u012f pasitiks salsos ritmu\u201c (2014.07.02)"},"content":{"rendered":"<p>Bir\u017eelio m\u0117nes\u012f kaunie\u010dius d\u017eiugin\u0119s \u201eMuzikinis balkonas\u201d \u0161\u012f penktadien\u012f atsiveria dar pla\u010diau \u2013 \u010dia vyks salsos vakar\u0117lis \u201eFriday Open Air\u201d.<\/p>\n<p>Savo biure \u201eMuzikin\u012f balkon\u0105\u201d \u012fk\u016brusi nekilnojamojo turto vystymo kompanija \u201eNuova\u201d kartu su \u0161oki\u0173 kolektyvu \u201eSalsa Kaunas\u201d miestie\u010dius kvie\u010dia \u012f salsos vakar\u0117l\u012f gryname ore, kuris vyks nuo 19 iki 21 val. Vilniaus g., prie\u0161 Istorin\u0119 prezident\u016br\u0105.<\/p>\n<p>\u201eD\u017eiaugiam\u0117s gal\u0117dami prisid\u0117ti prie Kauno vie\u0161ojo gyvenimo ir tikime, jog geri dalykai prasideda nuo m\u016bs\u0173 pa\u010di\u0173, \u2013 teig\u0117 \u012fmoni\u0173 grup\u0117s \u201eNuova\u201d valdybos nar\u0117 Liuda Znaidauskien\u0117. \u2013 Ne\u017eadame laukti, kol kas nors m\u016bs\u0173 miest\u0105 padarys geresn\u012f ir gra\u017eesn\u012f. Mes patys kuriame atmosfer\u0105 jame ir kvie\u010diame prisid\u0117ti visus, kurie n\u0117ra abejingi Kaunui\u201d.<\/p>\n<p>U\u017e simbolin\u012f 20-ies lit\u0173 u\u017estat\u0105 bus galima pasiskolinti pledus, kuriais akcijos organizatoriai tikisi nus\u0117ti vis\u0105 prezident\u016bros kiemelio pievut\u0119 ir taip \u012fp\u016bsti daugiau gyvyb\u0117s \u0161iai senamies\u010dio vietai.<\/p>\n<p>Skaitykite daugiau: <a href=\"http:\/\/kauno.diena.lt\/naujienos\/kaunas\/menas-ir-pramogos\/muzikinis-balkonas-savaitgali-pasitiks-salsos-ritmu-637540#ixzz3FRu7JC5H\" target=\"_blank\" rel=\"noopener\">Kauno.diena.lt<\/a><\/p>\n<p>&nbsp;<\/p>\n<p>[envira-gallery slug=&#8221;savaitgalis-salsos-ritmu&#8221;]<\/p>","protected":false},"excerpt":{"rendered":"<p>Bir\u017eelio m\u0117nes\u012f kaunie\u010dius d\u017eiugin\u0119s \u201eMuzikinis balkonas\u201d \u0161\u012f penktadien\u012f atsiveria dar pla\u010diau \u2013 \u010dia vyks salsos vakar\u0117lis \u201eFriday Open Air\u201d. Savo biure \u201eMuzikin\u012f balkon\u0105\u201d \u012fk\u016brusi nekilnojamojo turto vystymo kompanija \u201eNuova\u201d kartu su \u0161oki\u0173 kolektyvu \u201eSalsa Kaunas\u201d miestie\u010dius kvie\u010dia \u012f salsos vakar\u0117l\u012f gryname ore, kuris vyks nuo 19 iki 21 val. Vilniaus g., prie\u0161 Istorin\u0119 prezident\u016br\u0105. \u201eD\u017eiaugiam\u0117s [&hellip;]<\/p>","protected":false},"author":1,"featured_media":3651,"comment_status":"open","ping_status":"closed","sticky":false,"template":"","format":"standard","meta":{"footnotes":""},"categories":[23,25],"tags":[],"class_list":["post-4133","post","type-post","status-publish","format-standard","has-post-thumbnail","hentry","category-renginiu-pranesimai","category-veiklos-pranesimai"],"_links":{"self":[{"href":"https:\/\/nuova.lt\/en\/wp-json\/wp\/v2\/posts\/4133","targetHints":{"allow":["GET"]}}],"collection":[{"href":"https:\/\/nuova.lt\/en\/wp-json\/wp\/v2\/posts"}],"about":[{"href":"https:\/\/nuova.lt\/en\/wp-json\/wp\/v2\/types\/post"}],"author":[{"embeddable":true,"href":"https:\/\/nuova.lt\/en\/wp-json\/wp\/v2\/users\/1"}],"replies":[{"embeddable":true,"href":"https:\/\/nuova.lt\/en\/wp-json\/wp\/v2\/comments?post=4133"}],"version-history":[{"count":0,"href":"https:\/\/nuova.lt\/en\/wp-json\/wp\/v2\/posts\/4133\/revisions"}],"wp:featuredmedia":[{"embeddable":true,"href":"https:\/\/nuova.lt\/en\/wp-json\/wp\/v2\/media\/3651"}],"wp:attachment":[{"href":"https:\/\/nuova.lt\/en\/wp-json\/wp\/v2\/media?parent=4133"}],"wp:term":[{"taxonomy":"category","embeddable":true,"href":"https:\/\/nuova.lt\/en\/wp-json\/wp\/v2\/categories?post=4133"},{"taxonomy":"post_tag","embeddable":true,"href":"https:\/\/nuova.lt\/en\/wp-json\/wp\/v2\/tags?post=4133"}],"curies":[{"name":"wp","href":"https:\/\/api.w.org\/{rel}","templated":true}]}}