{"id":4190,"date":"2014-11-27T06:01:07","date_gmt":"2014-11-27T04:01:07","guid":{"rendered":"https:\/\/f4.ecl.lt\/nuova\/2014-11-27-lapkricio-29-d-16-45-visus-kauniecius-kvieciame-kartu-atidaryti-kaledinius-kauno-senamiescio-vartus\/"},"modified":"2024-03-06T09:40:05","modified_gmt":"2024-03-06T07:40:05","slug":"2014-11-27-lapkricio-29-d-16-45-visus-kauniecius-kvieciame-kartu-atidaryti-kaledinius-kauno-senamiescio-vartus","status":"publish","type":"post","link":"https:\/\/nuova.lt\/en\/2014-11-27-lapkricio-29-d-16-45-visus-kauniecius-kvieciame-kartu-atidaryti-kaledinius-kauno-senamiescio-vartus\/","title":{"rendered":"2014-11-27 Lapkri\u010dio 29 d. 16.45 visus kaunie\u010dius kvie\u010diame kartu atidaryti Kal\u0117dinius Kauno senamies\u010dio vartus."},"content":{"rendered":"<p><a href=\"http:\/\/www.nuova.lt\/wp-content\/uploads\/2014\/11\/kvietimas.jpg\"><img fetchpriority=\"high\" decoding=\"async\" src=\"http:\/\/www.nuova.lt\/wp-content\/uploads\/2014\/11\/kvietimas.jpg\" alt=\"kvietimas\" width=\"1200\" height=\"816\" class=\"aligncenter size-full wp-image-1653\" \/><\/a>Kaunie\u010diai \u012f\u017eiebs Kal\u0117dinius vartus \u012f senamiest\u012f<\/p>\n<p>\u0160iais metais Kauno miesto gyventojai yra kvie\u010diami prad\u0117ti Kal\u0117din\u012f laikotarp\u012f ne tik jau tradicija tapusiu egl\u0117s \u012f\u017eiebimu, bet ir simbolini\u0173 vart\u0173 \u012f Kauno senamiest\u012f atidarymu. \u0160e\u0161tadien\u012f 16 val. 45 min. bus \u012f\u017eiebtas prie po\u017eemin\u0117s per\u0117jos esantis AB \u201eNuova\u201d pastatas (Vilniaus g. 56) bei Kauno senamies\u010dio draugijos iniciatyva papuo\u0161ta Vilniaus gatv\u0117.<\/p>\n<p>Kal\u0117dine nuotaika \u0161vent\u0117s metu r\u016bpinsis DND nyk\u0161tuk\u0173 choras, kuris koncertuos prie kaunie\u010diams jau pa\u017e\u012fstamo, \u0161venti\u0161kai papuo\u0161to muzikinio balkono. Visus susirinkusius nyk\u0161tuk\u0173 choras i\u0161lyd\u0117s \u012f pagrindin\u0117s miesto egl\u0117s \u012f\u017eiebimo \u0161vent\u0119 Rotu\u0161\u0117s aik\u0161t\u0117je.<\/p>\n<p>\u0160i \u0161vent\u0117 bei ypatingos Kal\u0117din\u0117s puo\u0161menos yra Kauno senamies\u010dio draugijos dovana miestui. Kauno senamies\u010dio verslininkai susib\u016br\u0119 \u012f \u0161i\u0105 draugij\u0105 Vilniaus g. \u0161viestuvus papuo\u0161 vakarais \u0161vie\u010dian\u010diomis eglut\u0117mis, o prie po\u017eemin\u0117s per\u0117jos esan\u010di\u0105 savo b\u016bstin\u0119 AB \u201eNuova\u201c pirm\u0105 kart\u0105 ap\u0161vies \u012fsp\u016bdingais \u0161viesos efektais ir moderniomis Kal\u0117din\u0117mis puo\u0161menomis.<\/p>","protected":false},"excerpt":{"rendered":"<p>Kaunie\u010diai \u012f\u017eiebs Kal\u0117dinius vartus \u012f senamiest\u012f \u0160iais metais Kauno miesto gyventojai yra kvie\u010diami prad\u0117ti Kal\u0117din\u012f laikotarp\u012f ne tik jau tradicija tapusiu egl\u0117s \u012f\u017eiebimu, bet ir simbolini\u0173 vart\u0173 \u012f Kauno senamiest\u012f atidarymu. \u0160e\u0161tadien\u012f 16 val. 45 min. bus \u012f\u017eiebtas prie po\u017eemin\u0117s per\u0117jos esantis AB \u201eNuova\u201d pastatas (Vilniaus g. 56) bei Kauno senamies\u010dio draugijos iniciatyva papuo\u0161ta Vilniaus [&hellip;]<\/p>","protected":false},"author":1,"featured_media":4122,"comment_status":"open","ping_status":"closed","sticky":false,"template":"","format":"standard","meta":{"footnotes":""},"categories":[23,25],"tags":[],"class_list":["post-4190","post","type-post","status-publish","format-standard","has-post-thumbnail","hentry","category-renginiu-pranesimai","category-veiklos-pranesimai"],"_links":{"self":[{"href":"https:\/\/nuova.lt\/en\/wp-json\/wp\/v2\/posts\/4190","targetHints":{"allow":["GET"]}}],"collection":[{"href":"https:\/\/nuova.lt\/en\/wp-json\/wp\/v2\/posts"}],"about":[{"href":"https:\/\/nuova.lt\/en\/wp-json\/wp\/v2\/types\/post"}],"author":[{"embeddable":true,"href":"https:\/\/nuova.lt\/en\/wp-json\/wp\/v2\/users\/1"}],"replies":[{"embeddable":true,"href":"https:\/\/nuova.lt\/en\/wp-json\/wp\/v2\/comments?post=4190"}],"version-history":[{"count":0,"href":"https:\/\/nuova.lt\/en\/wp-json\/wp\/v2\/posts\/4190\/revisions"}],"wp:featuredmedia":[{"embeddable":true,"href":"https:\/\/nuova.lt\/en\/wp-json\/wp\/v2\/media\/4122"}],"wp:attachment":[{"href":"https:\/\/nuova.lt\/en\/wp-json\/wp\/v2\/media?parent=4190"}],"wp:term":[{"taxonomy":"category","embeddable":true,"href":"https:\/\/nuova.lt\/en\/wp-json\/wp\/v2\/categories?post=4190"},{"taxonomy":"post_tag","embeddable":true,"href":"https:\/\/nuova.lt\/en\/wp-json\/wp\/v2\/tags?post=4190"}],"curies":[{"name":"wp","href":"https:\/\/api.w.org\/{rel}","templated":true}]}}