{"id":4211,"date":"2015-04-20T11:58:30","date_gmt":"2015-04-20T08:58:30","guid":{"rendered":"https:\/\/f4.ecl.lt\/nuova\/2015-04-13-parodoje-namu-pasaulis-2015-ab-nuova-pristate-savo-du-vystomus-gyvenamuju-namu-projektus\/"},"modified":"2024-03-06T09:40:05","modified_gmt":"2024-03-06T07:40:05","slug":"2015-04-13-parodoje-namu-pasaulis-2015-ab-nuova-pristate-savo-du-vystomus-gyvenamuju-namu-projektus","status":"publish","type":"post","link":"https:\/\/nuova.lt\/en\/2015-04-13-parodoje-namu-pasaulis-2015-ab-nuova-pristate-savo-du-vystomus-gyvenamuju-namu-projektus\/","title":{"rendered":"2015-04-13 Parodoje &quot;Nam\u0173 Pasaulis 2015&quot; AB &quot;Nuova&quot; pristat\u0117 savo du vystomus gyvenam\u0173j\u0173 nam\u0173 projektus"},"content":{"rendered":"<p>\u0160.m. baland\u017eio 9-12 dienomis Kaune vykusioje 22-ojoje specializuotoje statybos, interjero, apdailos med\u017eiag\u0173 bei bald\u0173 parodoje &#8222;NAM\u0172 PASAULIS 2015&#8221; dalyvavo ir \u012fmon\u0117 AB &#8222;Nuova&#8221;. Jos metu \u012fmon\u0117 pristat\u0117 savo veikl\u0105, vystomus projektus. Ta\u010diau parodos metu daugiausiai d\u0117mesio buvo skirta gyvenamajam kvartalui Kaune &#8222;Sm\u0117liai&#8221; bei \u0160ventojoje esantiems &#8222;Apartamentai kopose&#8221;. Parodoje buvo galima susipa\u017einti ne tik su projekt\u0173 i\u0161planavimais, kainomis, bet taip pat gauti asmenin\u0119 konsultacij\u0105 d\u0117l b\u016bsto su pa\u010diu projekt\u0173 vadovu.<br \/>\nProjektai i\u0161ties susilauk\u0117 didelio \u017emoni\u0173 susidom\u0117jimo, tod\u0117l d\u017eiaugiam\u0117s ne tik gal\u0117dami atsakyti \u012f r\u016bpimus klausimus bei pad\u0117ti renkantis b\u016bst\u0105, ta\u010diau ir sulaukus J\u016bs\u0173 \u012fvertinimo,statant kokybi\u0161k\u0105 b\u016bst\u0105!<\/p>","protected":false},"excerpt":{"rendered":"<p>\u0160.m. baland\u017eio 9-12 dienomis Kaune vykusioje 22-ojoje specializuotoje statybos, interjero, apdailos med\u017eiag\u0173 bei bald\u0173 parodoje &#8222;NAM\u0172 PASAULIS 2015&#8221; dalyvavo ir \u012fmon\u0117 AB &#8222;Nuova&#8221;. Jos metu \u012fmon\u0117 pristat\u0117 savo veikl\u0105, vystomus projektus. Ta\u010diau parodos metu daugiausiai d\u0117mesio buvo skirta gyvenamajam kvartalui Kaune &#8222;Sm\u0117liai&#8221; bei \u0160ventojoje esantiems &#8222;Apartamentai kopose&#8221;. Parodoje buvo galima susipa\u017einti ne tik su projekt\u0173 [&hellip;]<\/p>","protected":false},"author":1,"featured_media":4212,"comment_status":"open","ping_status":"closed","sticky":false,"template":"","format":"standard","meta":{"footnotes":""},"categories":[25],"tags":[],"class_list":["post-4211","post","type-post","status-publish","format-standard","has-post-thumbnail","hentry","category-veiklos-pranesimai"],"_links":{"self":[{"href":"https:\/\/nuova.lt\/en\/wp-json\/wp\/v2\/posts\/4211","targetHints":{"allow":["GET"]}}],"collection":[{"href":"https:\/\/nuova.lt\/en\/wp-json\/wp\/v2\/posts"}],"about":[{"href":"https:\/\/nuova.lt\/en\/wp-json\/wp\/v2\/types\/post"}],"author":[{"embeddable":true,"href":"https:\/\/nuova.lt\/en\/wp-json\/wp\/v2\/users\/1"}],"replies":[{"embeddable":true,"href":"https:\/\/nuova.lt\/en\/wp-json\/wp\/v2\/comments?post=4211"}],"version-history":[{"count":0,"href":"https:\/\/nuova.lt\/en\/wp-json\/wp\/v2\/posts\/4211\/revisions"}],"wp:featuredmedia":[{"embeddable":true,"href":"https:\/\/nuova.lt\/en\/wp-json\/wp\/v2\/media\/4212"}],"wp:attachment":[{"href":"https:\/\/nuova.lt\/en\/wp-json\/wp\/v2\/media?parent=4211"}],"wp:term":[{"taxonomy":"category","embeddable":true,"href":"https:\/\/nuova.lt\/en\/wp-json\/wp\/v2\/categories?post=4211"},{"taxonomy":"post_tag","embeddable":true,"href":"https:\/\/nuova.lt\/en\/wp-json\/wp\/v2\/tags?post=4211"}],"curies":[{"name":"wp","href":"https:\/\/api.w.org\/{rel}","templated":true}]}}