{"id":4218,"date":"2015-07-22T10:47:12","date_gmt":"2015-07-22T07:47:12","guid":{"rendered":"https:\/\/f4.ecl.lt\/nuova\/2015-07-22-moteru-tinklinio-cempionatas-sulauke-nuovos-palaikymo\/"},"modified":"2024-03-06T09:40:05","modified_gmt":"2024-03-06T07:40:05","slug":"2015-07-22-moteru-tinklinio-cempionatas-sulauke-nuovos-palaikymo","status":"publish","type":"post","link":"https:\/\/nuova.lt\/en\/2015-07-22-moteru-tinklinio-cempionatas-sulauke-nuovos-palaikymo\/","title":{"rendered":"2015-07-22 Moter\u0173 tinklinio \u010dempionatas sulauk\u0117 \u201eNuovos&quot; palaikymo"},"content":{"rendered":"<p>\u0160\u012f savaitgal\u012f Nemuno saloje pra\u016b\u017e\u0119s moter\u0173 papl\u016bdimio tinklinio \u010dempionatas pristat\u0117 nauj\u0105 Kauno erdv\u0119 \u2013 tinklinio aik\u0161teles pa\u010diame miesto centre. Po profesionali\u0173 rungtyni\u0173, \u012f papl\u016bdimio aik\u0161tel\u0119 i\u0161\u0117jo ir m\u0117g\u0117jai. Organizatoriai d\u017eiaugiasi renginio s\u0117kme ir vis did\u0117jan\u010diu kaunie\u010di\u0173 susidom\u0117jimu aktyviu laisvalaikio praleidimo b\u016bdu, prie kurio prisideda ir AB \u201eNuova&#8221;.\u00a0<!--more--><\/p>\n<p><strong>Profesionalus keit\u0117 m\u0117g\u0117jai<\/strong><\/p>\n<p>Dvi dienas vykusio \u010dempionato metu susirung\u0117 17 komand\u0173. Po intensyvi\u0173 var\u017eyb\u0173 paai\u0161k\u0117jo turnyro nugal\u0117tojos \u2013 kauniet\u0117 Urt\u0117 Andriukaityt\u0117 ir vilniet\u0117 Irina Zobnina. Pasibaigus moter\u0173 tinklinio \u010dempionatui, aik\u0161tel\u0117je sugeb\u0117jimus demonstravo sirgaliai. M\u0117g\u0117j\u0173 turnyro 2&#215;2 metu, dalyvi\u0173 am\u017eius, meistri\u0161kumas ar lytis ribojami nebuvo.<\/p>\n<p>Nauj\u0105 aik\u0161tyn\u0105 ir jame vykstan\u010dius renginius itin aktyviai palaiko Kauno \u012fmon\u0117s. R\u0117m\u0117jai prisid\u0117jo prie aik\u0161tel\u0117s baigiam\u0173j\u0173 darb\u0173 ir \u010dempionato nugal\u0117toj\u0173 prizinio fondo.<\/p>\n<p>\u201eVisada su d\u017eiaugsmu prisidedame prie projekt\u0173, kuri\u0173 d\u0117ka Kaune tampa dar smagiau gyventi. Esame tinklinio entuziastai ir \u0161i\u0105 sporto \u0161ak\u0105 remiame nuolatos. M\u016bs\u0173 jaunieji darbuotojai taip pat yra puik\u016bs tinklininkai, atstovav\u0119 miest\u0105 respublikinio ir tarptautinio lygio var\u017eybose\u201c, \u2013 teig\u0117 \u012fmoni\u0173 grup\u0117s \u201eNuova&#8221; marketingo vadov\u0117 Liuda Znaidauskien\u0117.<\/p>\n<p><strong>Socialin\u0117 atsakomyb\u0117 gimsta i\u0161 meil\u0117s miestui<\/strong><\/p>\n<p>Ne vienerius metus socialines iniciatyvas remianti \u012fmoni\u0173 grup\u0117 \u201eNuova&#8221;, papildomus \u012fsipareigojimus visuomenei supranta kaip pareig\u0105. AB\u00a0\u201eNuova&#8221;, pl\u0117tojanti nekilnojamojo turto vystymo versl\u0105 Kaune ir Lietuvos paj\u016bryje, aktyviai dalyvauja Laikinosios Sostin\u0117s gyvenime.<\/p>\n<p>\u201eM\u016bs\u0173 vis\u0173 pareiga yra puosel\u0117ti ir myl\u0117ti savo miest\u0105. Prisidedame prie darnios miesto pl\u0117tros ir kasdien dalinam\u0117s savo darbo vaisiais. Nuolat remiame likimo nuskriaustus vaikus, jaunuosius talentus, kult\u016br\u0105 ir sport\u0105. Mums labai svarbu dalintis su tais, kuriems to reikia.\u201c \u2013 sak\u0117 \u00a0L. Znaidauskien\u0117.<\/p>\n<p>Daugiau nuotrauk\u0173: www.facebook.com\/<\/p>\n<div id='gallery-1' class='gallery galleryid-4218 gallery-columns-5 gallery-size-thumbnail'><figure class='gallery-item'>\n\t\t\t<div class='gallery-icon landscape'>\n\t\t\t\t<a href='https:\/\/nuova.lt\/en\/projektai\/garsves-slenis\/dron-vaisv-1-2\/'><img decoding=\"async\" width=\"150\" height=\"150\" src=\"https:\/\/nuova.lt\/wp-content\/uploads\/2023\/12\/Dron-vaisv-1-1-150x150.jpg\" class=\"attachment-thumbnail size-thumbnail\" alt=\"\" \/><\/a>\n\t\t\t<\/div><\/figure><figure class='gallery-item'>\n\t\t\t<div class='gallery-icon landscape'>\n\t\t\t\t<a href='https:\/\/nuova.lt\/en\/projektai\/garsves-slenis\/dron-vaisv-2-2\/'><img decoding=\"async\" width=\"150\" height=\"150\" src=\"https:\/\/nuova.lt\/wp-content\/uploads\/2023\/12\/Dron-vaisv-2-1-150x150.jpg\" class=\"attachment-thumbnail size-thumbnail\" alt=\"\" \/><\/a>\n\t\t\t<\/div><\/figure><figure class='gallery-item'>\n\t\t\t<div class='gallery-icon landscape'>\n\t\t\t\t<a href='https:\/\/nuova.lt\/en\/projektai\/garsves-slenis\/garsve-pries-lietu-1-2\/'><img decoding=\"async\" width=\"150\" height=\"150\" src=\"https:\/\/nuova.lt\/wp-content\/uploads\/2023\/12\/Garsve-pries-lietu-1-1-150x150.jpg\" class=\"attachment-thumbnail size-thumbnail\" alt=\"\" \/><\/a>\n\t\t\t<\/div><\/figure><figure class='gallery-item'>\n\t\t\t<div class='gallery-icon landscape'>\n\t\t\t\t<a href='https:\/\/nuova.lt\/en\/projektai\/garsves-slenis\/garsve-pries-lietu-2-2\/'><img loading=\"lazy\" decoding=\"async\" width=\"150\" height=\"150\" src=\"https:\/\/nuova.lt\/wp-content\/uploads\/2023\/12\/Garsve-pries-lietu-2-1-150x150.jpg\" class=\"attachment-thumbnail size-thumbnail\" alt=\"\" \/><\/a>\n\t\t\t<\/div><\/figure>\n\t\t<\/div>\n\n<p>&nbsp;<\/p>","protected":false},"excerpt":{"rendered":"<p>\u0160\u012f savaitgal\u012f Nemuno saloje pra\u016b\u017e\u0119s moter\u0173 papl\u016bdimio tinklinio \u010dempionatas pristat\u0117 nauj\u0105 Kauno erdv\u0119 \u2013 tinklinio aik\u0161teles pa\u010diame miesto centre. Po profesionali\u0173 rungtyni\u0173, \u012f papl\u016bdimio aik\u0161tel\u0119 i\u0161\u0117jo ir m\u0117g\u0117jai. Organizatoriai d\u017eiaugiasi renginio s\u0117kme ir vis did\u0117jan\u010diu kaunie\u010di\u0173 susidom\u0117jimu aktyviu laisvalaikio praleidimo b\u016bdu, prie kurio prisideda ir AB \u201eNuova&#8221;.\u00a0<\/p>","protected":false},"author":1,"featured_media":0,"comment_status":"open","ping_status":"closed","sticky":false,"template":"","format":"standard","meta":{"footnotes":""},"categories":[23,24,25],"tags":[],"class_list":["post-4218","post","type-post","status-publish","format-standard","hentry","category-renginiu-pranesimai","category-sportas","category-veiklos-pranesimai"],"_links":{"self":[{"href":"https:\/\/nuova.lt\/en\/wp-json\/wp\/v2\/posts\/4218","targetHints":{"allow":["GET"]}}],"collection":[{"href":"https:\/\/nuova.lt\/en\/wp-json\/wp\/v2\/posts"}],"about":[{"href":"https:\/\/nuova.lt\/en\/wp-json\/wp\/v2\/types\/post"}],"author":[{"embeddable":true,"href":"https:\/\/nuova.lt\/en\/wp-json\/wp\/v2\/users\/1"}],"replies":[{"embeddable":true,"href":"https:\/\/nuova.lt\/en\/wp-json\/wp\/v2\/comments?post=4218"}],"version-history":[{"count":0,"href":"https:\/\/nuova.lt\/en\/wp-json\/wp\/v2\/posts\/4218\/revisions"}],"wp:attachment":[{"href":"https:\/\/nuova.lt\/en\/wp-json\/wp\/v2\/media?parent=4218"}],"wp:term":[{"taxonomy":"category","embeddable":true,"href":"https:\/\/nuova.lt\/en\/wp-json\/wp\/v2\/categories?post=4218"},{"taxonomy":"post_tag","embeddable":true,"href":"https:\/\/nuova.lt\/en\/wp-json\/wp\/v2\/tags?post=4218"}],"curies":[{"name":"wp","href":"https:\/\/api.w.org\/{rel}","templated":true}]}}