{"id":4247,"date":"2015-12-08T16:33:13","date_gmt":"2015-12-08T14:33:13","guid":{"rendered":"https:\/\/f4.ecl.lt\/nuova\/215-12-08-smeliu-bendruomene-kartu-puose-eglute\/"},"modified":"2024-03-06T09:40:06","modified_gmt":"2024-03-06T07:40:06","slug":"215-12-08-smeliu-bendruomene-kartu-puose-eglute","status":"publish","type":"post","link":"https:\/\/nuova.lt\/en\/215-12-08-smeliu-bendruomene-kartu-puose-eglute\/","title":{"rendered":"215-12-08 &quot;Sm\u0117li\u0173&quot; bendruomen\u0117 kartu puo\u0161\u0117 eglut\u0119"},"content":{"rendered":"<p>Gruod\u017eio 7 d. pirmadien\u012f, &#8222;Sm\u0117li\u0173&#8221; gyventojai sug\u016b\u017e\u0117jo \u012f kiem\u0105. Prie vaik\u0173 \u017eaidim\u0173 aik\u0161tel\u0117s susirinkusi bendruomen\u0117 kartu papuo\u0161\u0117 Kal\u0117d\u0173 elgut\u0119. \u012emoni\u0173 grup\u0117s &#8222;Nuova&#8221; dovanot\u0105 \u017ealiaskar\u0119 gyventojai dekoravo savo atsine\u0161tais \u017eaisliukais bei girliandomis. V\u0117jo nepab\u016bgusi\u0105 &#8222;Sm\u0117li\u0173&#8221; bendruomen\u0119 su\u0161ild\u0117 kar\u0161ta &#8222;Nuovos&#8221; dovanota kakava bei pa\u010di\u0173 gyventoj\u0173 par\u016bpinti u\u017ekand\u017eiai. Gyventojai d\u017eiaug\u0117si &#8222;Sm\u0117li\u0173&#8221; vystytojo iniciatyva ir pa\u017ead\u0117jo ateityje patys organizuoti daugiau pana\u0161i\u0173 susib\u016brim\u0173.<\/p>\n<p>Renginio nuotraukos &#8222;Sm\u0117li\u0173&#8221; Facebook paskyroje:\u00a0<a href=\"https:\/\/www.facebook.com\/Smeliai\/posts\/955612604519450\" target=\"_blank\" rel=\"noopener\">https:\/\/www.facebook.com\/Smeliai\/posts\/955612604519450\u00a0<\/a><\/p>","protected":false},"excerpt":{"rendered":"<p>Gruod\u017eio 7 d. pirmadien\u012f, &#8222;Sm\u0117li\u0173&#8221; gyventojai sug\u016b\u017e\u0117jo \u012f kiem\u0105. Prie vaik\u0173 \u017eaidim\u0173 aik\u0161tel\u0117s susirinkusi bendruomen\u0117 kartu papuo\u0161\u0117 Kal\u0117d\u0173 elgut\u0119. \u012emoni\u0173 grup\u0117s &#8222;Nuova&#8221; dovanot\u0105 \u017ealiaskar\u0119 gyventojai dekoravo savo atsine\u0161tais \u017eaisliukais bei girliandomis. V\u0117jo nepab\u016bgusi\u0105 &#8222;Sm\u0117li\u0173&#8221; bendruomen\u0119 su\u0161ild\u0117 kar\u0161ta &#8222;Nuovos&#8221; dovanota kakava bei pa\u010di\u0173 gyventoj\u0173 par\u016bpinti u\u017ekand\u017eiai. Gyventojai d\u017eiaug\u0117si &#8222;Sm\u0117li\u0173&#8221; vystytojo iniciatyva ir pa\u017ead\u0117jo ateityje patys organizuoti [&hellip;]<\/p>","protected":false},"author":1,"featured_media":4248,"comment_status":"open","ping_status":"closed","sticky":false,"template":"","format":"standard","meta":{"footnotes":""},"categories":[23,25],"tags":[],"class_list":["post-4247","post","type-post","status-publish","format-standard","has-post-thumbnail","hentry","category-renginiu-pranesimai","category-veiklos-pranesimai"],"_links":{"self":[{"href":"https:\/\/nuova.lt\/en\/wp-json\/wp\/v2\/posts\/4247","targetHints":{"allow":["GET"]}}],"collection":[{"href":"https:\/\/nuova.lt\/en\/wp-json\/wp\/v2\/posts"}],"about":[{"href":"https:\/\/nuova.lt\/en\/wp-json\/wp\/v2\/types\/post"}],"author":[{"embeddable":true,"href":"https:\/\/nuova.lt\/en\/wp-json\/wp\/v2\/users\/1"}],"replies":[{"embeddable":true,"href":"https:\/\/nuova.lt\/en\/wp-json\/wp\/v2\/comments?post=4247"}],"version-history":[{"count":0,"href":"https:\/\/nuova.lt\/en\/wp-json\/wp\/v2\/posts\/4247\/revisions"}],"wp:featuredmedia":[{"embeddable":true,"href":"https:\/\/nuova.lt\/en\/wp-json\/wp\/v2\/media\/4248"}],"wp:attachment":[{"href":"https:\/\/nuova.lt\/en\/wp-json\/wp\/v2\/media?parent=4247"}],"wp:term":[{"taxonomy":"category","embeddable":true,"href":"https:\/\/nuova.lt\/en\/wp-json\/wp\/v2\/categories?post=4247"},{"taxonomy":"post_tag","embeddable":true,"href":"https:\/\/nuova.lt\/en\/wp-json\/wp\/v2\/tags?post=4247"}],"curies":[{"name":"wp","href":"https:\/\/api.w.org\/{rel}","templated":true}]}}