{"id":4268,"date":"2016-02-05T09:52:52","date_gmt":"2016-02-05T07:52:52","guid":{"rendered":"https:\/\/f4.ecl.lt\/nuova\/2016-02-05-kauno-senamiestis-bus-gyvas-ir-siemet-teigia-vicemerai\/"},"modified":"2024-03-06T09:40:07","modified_gmt":"2024-03-06T07:40:07","slug":"2016-02-05-kauno-senamiestis-bus-gyvas-ir-siemet-teigia-vicemerai","status":"publish","type":"post","link":"https:\/\/nuova.lt\/en\/2016-02-05-kauno-senamiestis-bus-gyvas-ir-siemet-teigia-vicemerai\/","title":{"rendered":"2016-02-05 Kauno senamiestis bus gyvas ir \u0161iemet, teigia vicemerai"},"content":{"rendered":"<p>\u0160i\u0105 savait\u0119\u00a0Kauno senamies\u010dio draugijos valdyba susitiko su Kauno miesto savivaldyb\u0117s vicemerais Povilu Ma\u010diuliu ir Simonu Kairiu. Susitikimo metu buvo aptarti pra\u0117jusi\u0173 met\u0173 draugijos nuveikti darbai, pristatytos 2016 m. veiksm\u0173 gair\u0117s ir apsvarstytos bendradarbiavimo galimyb\u0117s.<!--more--><\/p>\n<p><img fetchpriority=\"high\" decoding=\"async\" class=\"alignleft wp-image-1978 size-large\" src=\"http:\/\/www.nuova.lt\/wp-content\/uploads\/2016\/02\/\u0160okan\u010dio-senamies\u010dio-akimirka-1024x686.jpg\" alt=\"\u0160okan\u010dio senamies\u010dio akimirka\" width=\"1024\" height=\"686\" \/><\/p>\n<p><strong>Pa\u017eym\u0117jo nuveiktus darbus<\/strong><\/p>\n<p>Praeiti metai Kauno senamies\u010dio draugijai buvo itin produktyv\u016bs. 2015-\u0173j\u0173 prad\u017eioje KSD pagrindin\u0117je senamies\u010dio gatv\u0117je sub\u016br\u0117 visus sinefilus \u2013 draugijos d\u0117ka Vilniaus gatv\u0117 tapo oficialia \u201eKino pavasario\u201c ambasada. Tuo tarpu at\u0161ilus orams Vilniaus gatv\u0117je vyko rengini\u0173 ciklas \u201eKauno senamiestis gyvai\u201c, kurio metu gyvos muzikos garsai d\u017eiugino kaunie\u010dius ir miesto sve\u010dius. Net pasikeitus orams, noras i\u0161laikyti Kauno senamiest\u012f muzikal\u0173 i\u0161liko. KSD prad\u0117jo bendradarbiauti su Kauno 1-\u0105ja muzikos mokykla, kurios jaunieji talentai dovanojo koncertus \u201eI\u0161 \u0161irdies \u012f \u0161ird\u012f\u201c Kauno ba\u017eny\u010diose ir senamies\u010dio erdv\u0117se.<\/p>\n<p>Vasar\u0105 Kauno senamies\u010dio draugija vainikavo sekmingiausiu sezono renginiu \u201e\u0160okantis senamiestis\u201c. Rekordin\u012f \u017ei\u016brov\u0173 skai\u010di\u0173 pritraukusiame renginyje pavyko suburti didel\u012f b\u016br\u012f profesional\u0173 bei m\u0117g\u0117j\u0173, \u012fsik\u016bnijusi\u0173 \u0161ok\u0117j\u0173 amplua.<\/p>\n<p>Spalio 4 d., bendradarbiaujant su \u0161v. Pranci\u0161kaus ordinu bei Lietuvos zoologijos sodu, buvo pamin\u0117ta Tarptautin\u0117 gyv\u016bn\u0173 diena. Renginio metu senamiestis \u012frod\u0117, kad yra kult\u016bringa ir draugi\u0161ka vieta tiems, kurie laisvalaikiu nesiskiria su augintiniais.<\/p>\n<p>Tuo tarpu \u017eiemos \u0161ven\u010di\u0173 metu, KSD inicijavo Istorin\u0117s Lietuvos prezident\u016bros atgaivinim\u0105. Su \u201eNuova\u201c \u012fmoni\u0173 grup\u0117s pagalba, KSD prezident\u016bros kiemel\u012f ap\u0161viet\u0117 t\u016bkstan\u010diais lempu\u010di\u0173. Pasak\u0173 sodeliu praminta vieta ir sentencij\u0173 suoleliais nus\u0117ta Vilniaus gatv\u0117 susilauk\u0117 didelio visuomen\u0117s d\u0117mesio ir tapo vienais populiariausi\u0173 Kal\u0117dinio Kauno akcent\u0173.<\/p>\n<p><strong>Atskleid\u0117 tolimesnius planus<\/strong><\/p>\n<p>Susitikimo metu vicemerai d\u017eiaug\u0117si draugijos iniciatyvomis ir palaik\u0117 tolimesnius planus. \u201e2016-aisiais Kauno senamies\u010dio draugija neketina sustoti. Sportas, kult\u016bra ir mokslas yra pagrindin\u0117s sritys, kuriose \u0161iais metais ketiname pl\u0117toti draugijos veikl\u0105. B\u016btent per \u0161ias sritis pristatomas senamiestis tur\u0117t\u0173 garsinti ne tik Kaun\u0105, bet ir Lietuv\u0105\u201c, \u2013 kalb\u0117jo draugijos valdybos narys Minvydas Znaidauskas.<\/p>\n<p>\u201eKSD ne tik atstovauja Kauno senamies\u010dio verslinink\u0173 interesus, bet ir operatyviai sprend\u017eia gyventojams bei kitoms benduromen\u0117ms i\u0161kilusias problemas. Stengiam\u0117s taupyti senamies\u010dio verslinink\u0173 laik\u0105 \u2013 kad jiems nereik\u0117t\u0173 d\u0117l kiekvieno klausimo varstyti savivaldyb\u0117s duris, kad j\u0173 id\u0117jos b\u016bt\u0173 i\u0161girstos ir kad senamiestis tapt\u0173 terpe \u012fvairioms iniciatyvos augti. Apibendrinusi problemas pati jas atstovauju savivaldyb\u0117je. Taip pat aktyviai bendradarbiaujame su gyventojais ir siekiame, kad senamiestis b\u016bt\u0173 puiki vieta ne tik leisti laik\u0105, bet ir gyventi\u201c, \u2013 sak\u0117 KSD vadov\u0117 A. Grybauskien\u0117.<\/p>\n<p>\u201eVisuomet d\u017eiaugiam\u0117s, kai iniciatyva kyla i\u0161 bendruomen\u0117s. Tik bendradarbiaujant gimsta geriausi sprendimai, kurie yra visiems priimtini ir duoda geriausi\u0105 rezultat\u0105\u201c, \u2013 teig\u0117 vicemeras Povilas Ma\u010diulis.<\/p>\n<p><img decoding=\"async\" class=\"alignleft wp-image-1975 size-large\" src=\"http:\/\/www.nuova.lt\/wp-content\/uploads\/2016\/02\/KSD-valdyba-1024x678.jpg\" alt=\"KSD valdyba\" width=\"1024\" height=\"678\" \/><\/p>","protected":false},"excerpt":{"rendered":"<p>\u0160i\u0105 savait\u0119\u00a0Kauno senamies\u010dio draugijos valdyba susitiko su Kauno miesto savivaldyb\u0117s vicemerais Povilu Ma\u010diuliu ir Simonu Kairiu. Susitikimo metu buvo aptarti pra\u0117jusi\u0173 met\u0173 draugijos nuveikti darbai, pristatytos 2016 m. veiksm\u0173 gair\u0117s ir apsvarstytos bendradarbiavimo galimyb\u0117s.<\/p>","protected":false},"author":1,"featured_media":4269,"comment_status":"open","ping_status":"closed","sticky":false,"template":"","format":"standard","meta":{"footnotes":""},"categories":[22,23,25],"tags":[],"class_list":["post-4268","post","type-post","status-publish","format-standard","has-post-thumbnail","hentry","category-mums-rupi-daugiau","category-renginiu-pranesimai","category-veiklos-pranesimai"],"_links":{"self":[{"href":"https:\/\/nuova.lt\/en\/wp-json\/wp\/v2\/posts\/4268","targetHints":{"allow":["GET"]}}],"collection":[{"href":"https:\/\/nuova.lt\/en\/wp-json\/wp\/v2\/posts"}],"about":[{"href":"https:\/\/nuova.lt\/en\/wp-json\/wp\/v2\/types\/post"}],"author":[{"embeddable":true,"href":"https:\/\/nuova.lt\/en\/wp-json\/wp\/v2\/users\/1"}],"replies":[{"embeddable":true,"href":"https:\/\/nuova.lt\/en\/wp-json\/wp\/v2\/comments?post=4268"}],"version-history":[{"count":0,"href":"https:\/\/nuova.lt\/en\/wp-json\/wp\/v2\/posts\/4268\/revisions"}],"wp:featuredmedia":[{"embeddable":true,"href":"https:\/\/nuova.lt\/en\/wp-json\/wp\/v2\/media\/4269"}],"wp:attachment":[{"href":"https:\/\/nuova.lt\/en\/wp-json\/wp\/v2\/media?parent=4268"}],"wp:term":[{"taxonomy":"category","embeddable":true,"href":"https:\/\/nuova.lt\/en\/wp-json\/wp\/v2\/categories?post=4268"},{"taxonomy":"post_tag","embeddable":true,"href":"https:\/\/nuova.lt\/en\/wp-json\/wp\/v2\/tags?post=4268"}],"curies":[{"name":"wp","href":"https:\/\/api.w.org\/{rel}","templated":true}]}}