{"id":4334,"date":"2016-11-28T17:21:02","date_gmt":"2016-11-28T15:21:02","guid":{"rendered":"https:\/\/f4.ecl.lt\/nuova\/2016-11-28-artejanciu-kaledu-dovana-kaunieciams-ispudingai-nusvites-istorines-prezidenturos-sodas\/"},"modified":"2024-03-06T09:40:10","modified_gmt":"2024-03-06T07:40:10","slug":"2016-11-28-artejanciu-kaledu-dovana-kaunieciams-ispudingai-nusvites-istorines-prezidenturos-sodas","status":"publish","type":"post","link":"https:\/\/nuova.lt\/en\/2016-11-28-artejanciu-kaledu-dovana-kaunieciams-ispudingai-nusvites-istorines-prezidenturos-sodas\/","title":{"rendered":"2016-11-28 Art\u0117jan\u010di\u0173 Kal\u0117d\u0173 dovana kaunie\u010diams &#8211; \u012fsp\u016bdingai nu\u0161vit\u0119s Istorin\u0117s Prezident\u016bros sodas"},"content":{"rendered":"<p>\u0160e\u0161tadienio vakar\u0105 Kaune buvo \u012f\u017eiebtas Istorin\u0117s LR Prezident\u016bros sodelis, aplink med\u017eius i\u0161raizgyta 4,5 km m\u0117lyn\u0173, spindin\u010di\u0173 girliand\u0173, kvie\u010dian\u010di\u0173 da\u017eniau u\u017esukti \u012f Prezident\u016br\u0105.<\/p>\n<p>Kal\u0117diniame\u00a0 renginyje \u201e\u017diema art\u0117ja, pone Prezidente!\u201d t\u0105 vakar\u0105 atgijo Prezidentas Kazys Grinius, pasirod\u0117\u00a0 J. Gruod\u017eio muzikos konservatorijos studentai, dramati\u0161k\u0105 regin\u012f suk\u016br\u0117 ugnies atlik\u0117j\u0173 trup\u0117 \u201eUgnies valdovai\u201c.<\/p>\n<p><img fetchpriority=\"high\" decoding=\"async\" class=\"aligncenter size-full wp-image-2282\" src=\"http:\/\/www.nuova.lt\/wp-content\/uploads\/2016\/11\/IMG_0290.jpg\" alt=\"IMG_0290\" width=\"4272\" height=\"2848\" \/><\/p>\n<p><strong>Prezidentui K. Griniui atminti<\/strong><\/p>\n<p>Teatralizuotame renginyje prisimintos dramati\u0161kos Kal\u0117dos prie\u0161 90 met\u0173, kai miestas ruo\u0161\u0117si Prezidento Kazio Griniaus 60 m. jubiliejui, ta\u010diau \u0161vent\u0117 buvusi at\u0161aukta.<\/p>\n<p>Istorin\u0117s LR Prezident\u016bros Kaune vadov\u0117 Renata Mikalaj\u016bnait\u0117 pasakojo, kad Prezidentas K. Grinius netur\u0117jo progos pasveikinti kaunie\u010di\u0173 su Kal\u0117domis, nes 1926 gruod\u017eio 16-17 d. \u012fvyko karinis perversmas. \u201e\u0160iandien klaida i\u0161taisyta \u2013 Prezidentas sveikino kaunie\u010dius su \u0161vent\u0117mis. O tuomet visas miestas ruo\u0161\u0117si Kal\u0117doms, stalai Prezident\u016broje buvo paruo\u0161ti \u0161vent\u0117ms. Nors K. Grinius buvo pakankamai kuklus, nenor\u0117jo jubiliejaus vie\u0161ai \u0161v\u0119sti, ta\u010diau statusas \u012fpareigojo\u201c, \u2013 kalb\u0117jo R. Mikalaj\u016bnait\u0117.<\/p>\n<p>Ji pasakojo, kad perversmas buvo skausmingas, Prezidentas atsistatydino, bet kit\u0173 met\u0173 vasar\u012f jis ved\u0117 mylim\u0105j\u0105 Kristin\u0105 ir susilauk\u0117 s\u016bnaus Li\u016bto. \u0160\u012fmet minimos 150 K. Griniaus gimimo metin\u0117s.<\/p>\n<p>\u201eKadangi Prezident\u016bra ma\u017eoka, pri\u0117mimai vykdavo Kauno \u012fgulos karinink\u0173 ramov\u0117je. Tarkim, Prezidentas Antanas Smetona ateidavo \u012f pokyl\u012f paskutinis, kaip garbingiausias sve\u010dias. Puotos ten vykdavusios labai i\u0161kilmingos\u201c, \u2013 sak\u0117 R. Mikalaj\u016bnait\u0117.<\/p>\n<p>Prezident\u0105 K. Grini\u0173 \u0161vent\u0117s metu vaidin\u0119s aktorius Edvinas Vadoklis pasakojo, kad vaidmens mok\u0117si i\u0161 istorini\u0173 prisiminim\u0173 apie Prezident\u0105, tarp j\u0173 Prezidento s\u016bnaus Li\u016bto bei Prezidento Valdo Adamkaus.<\/p>\n<p>\u201eApie K. Grini\u0173 buvo pasklidusios dvi stiprios nuomon\u0117s: \u201ebe proto gra\u017eus\u201c ir \u201evisi\u0161kas demokratas\u201c. Jis kovojo u\u017e Lietuv\u0105, buvo jai atsidav\u0119s, net paskutinis sakinys jo testamente tarsi vainikavo veikl\u0105: \u201eA\u0161 nepaliaujamai tikiuosi ir tikiu lietuvi\u0173 tautos gyvata.\u201c Prezidentas nuolat teig\u0117: \u201eKalb\u0117ti apie demokratij\u0105, kovoti u\u017e j\u0105 gali b\u016bti tik per v\u0117lu, bet niekada ne per anksti\u201c, \u2013 d\u0117st\u0117 aktorius E. Vadoklis, atskleid\u0119s, kad vaidmeniui prad\u0117jo ruo\u0161tis dar saus\u012f. Didel\u012f d\u0117mes\u012f skyr\u0117 aprangai, kad atrodyt\u0173 skoningai.<\/p>\n<p><img decoding=\"async\" class=\"aligncenter size-full wp-image-2280\" src=\"http:\/\/www.nuova.lt\/wp-content\/uploads\/2016\/11\/IMG_0298.jpg\" alt=\"IMG_0298\" width=\"4272\" height=\"2848\" \/><\/p>\n<p><strong>Ragina istorij\u0105 mokytis per pramogas<br \/>\n<\/strong><\/p>\n<p>Istorin\u0117s Prezident\u016bros sodelio papuo\u0161im\u0105 ir \u012f\u017eiebimo rengin\u012f miestui skyrusios \u012fmoni\u0173 grup\u0117s \u201eNuova\u201c valdybos pirmininkas Minvydas Znaidauskas tikisi, kad kaunie\u010diams \u0161is Pasak\u0173 sodas sukurs \u0161ventin\u0119 nuotaik\u0105, m\u0117lyna spalva nuramins ir kiekvienas \u012f namus i\u0161sine\u0161 ger\u0105 nuotaik\u0105.<\/p>\n<p>\u201eDirbome vis\u0105 savait\u0119, tikim\u0117s, kad kaunie\u010diai da\u017eniau ateis \u012f Prezident\u016br\u0105 ir pasidom\u0117s savo tautos istorija. Beje, <a href=\"http:\/\/kaunas.kasvyksta.lt\/\" target=\"_blank\" rel=\"noopener\">Kaunas<\/a> prad\u0117jo vytis Vilni\u0173: \u010dia atsikelia ministerijos, turime Prezident\u016br\u0105 tik Prezidentei reikia perva\u017eiuoti, beliko Vyriausyb\u0119 perkelti\u201c, \u2013 \u0161ypsodamasis kalb\u0117jo M. Znaidauskas.<\/p>\n<p>\u012emon\u0117s rinkodaros vadov\u0117 Liuda Znaidauskien\u0117 atkreip\u0117 d\u0117mes\u012f, kad dalis \u017emoni\u0173 skund\u017eiasi, jog Lietuvoje bloga gyventi, ta\u010diau ragino patiems ka\u017ek\u0105 padaryti, kad pad\u0117tis keist\u0173si: \u201eMes prad\u0117jome nuo sav\u0119s, tam kad b\u016bt\u0173 gera, kiekvienas po truput\u012f turi prisid\u0117ti. Viliuosi, kad \u0161vie\u010diantys med\u017eiai kvies \u010dia da\u017eniau u\u017esukti, aplankyti edukacines Prezident\u016bros programas. Istorij\u0105 \u017einoti labai svarbu, o kai pateiki j\u0105 pramogos forma \u2013 lengvai \u012fsid\u0117mi datos, \u012fvykiai\u201c, \u2013 teig\u0117 pa\u0161nekov\u0117.<\/p>\n<p><strong>\u0160vies iki Trij\u0173 Karali\u0173<\/strong><\/p>\n<p>Istorin\u0117s Prezident\u016bros sodelis \u0161vies kasdien iki\u00a0 Trij\u0173 Karali\u0173. R\u016bm\u0173 langai irgi stebins specialiu ap\u0161vietimu.<\/p>\n<p>Lemput\u0117s bus \u012fjungtos nuo ryto iki 23 val. nakties, vakarais \u010dia skamb\u0117s kal\u0117din\u0117 muzika.<\/p>\n<p>Lankytojai taip pat bus laukiami Istorin\u0117s Prezident\u016bros ekspozicij\u0173 sal\u0117se, kur gal\u0117s su\u017einoti daugyb\u0119 \u012fdomi\u0173 fakt\u0173 apie Pirmosios Lietuvos Respublikos Prezidentus, j\u0173 dienas ir darbus.<\/p>\n<p><img decoding=\"async\" class=\"aligncenter size-full wp-image-2281\" src=\"http:\/\/www.nuova.lt\/wp-content\/uploads\/2016\/11\/IMG_0253.jpg\" alt=\"IMG_0253\" width=\"4272\" height=\"2848\" \/><\/p>\n<p><a href=\"http:\/\/kaunas.kasvyksta.lt\/2016\/11\/27\/kultura\/teatralizuoto-sou-metu-kaune-iziebtas-istorines-prezidenturos-kiemelis\/\" target=\"_blank\" rel=\"noopener\"><img loading=\"lazy\" decoding=\"async\" class=\"size-full wp-image-1930 alignnone\" src=\"http:\/\/www.nuova.lt\/wp-content\/uploads\/2015\/12\/kas-vyskta.jpg\" alt=\"kas vyskta\" width=\"160\" height=\"50\" \/><\/a><\/p>","protected":false},"excerpt":{"rendered":"<p>\u0160e\u0161tadienio vakar\u0105 Kaune buvo \u012f\u017eiebtas Istorin\u0117s LR Prezident\u016bros sodelis, aplink med\u017eius i\u0161raizgyta 4,5 km m\u0117lyn\u0173, spindin\u010di\u0173 girliand\u0173, kvie\u010dian\u010di\u0173 da\u017eniau u\u017esukti \u012f Prezident\u016br\u0105. Kal\u0117diniame\u00a0 renginyje \u201e\u017diema art\u0117ja, pone Prezidente!\u201d t\u0105 vakar\u0105 atgijo Prezidentas Kazys Grinius, pasirod\u0117\u00a0 J. Gruod\u017eio muzikos konservatorijos studentai, dramati\u0161k\u0105 regin\u012f suk\u016br\u0117 ugnies atlik\u0117j\u0173 trup\u0117 \u201eUgnies valdovai\u201c. Prezidentui K. Griniui atminti Teatralizuotame renginyje prisimintos [&hellip;]<\/p>","protected":false},"author":1,"featured_media":4335,"comment_status":"open","ping_status":"closed","sticky":false,"template":"","format":"standard","meta":{"footnotes":""},"categories":[22,25],"tags":[],"class_list":["post-4334","post","type-post","status-publish","format-standard","has-post-thumbnail","hentry","category-mums-rupi-daugiau","category-veiklos-pranesimai"],"_links":{"self":[{"href":"https:\/\/nuova.lt\/en\/wp-json\/wp\/v2\/posts\/4334","targetHints":{"allow":["GET"]}}],"collection":[{"href":"https:\/\/nuova.lt\/en\/wp-json\/wp\/v2\/posts"}],"about":[{"href":"https:\/\/nuova.lt\/en\/wp-json\/wp\/v2\/types\/post"}],"author":[{"embeddable":true,"href":"https:\/\/nuova.lt\/en\/wp-json\/wp\/v2\/users\/1"}],"replies":[{"embeddable":true,"href":"https:\/\/nuova.lt\/en\/wp-json\/wp\/v2\/comments?post=4334"}],"version-history":[{"count":0,"href":"https:\/\/nuova.lt\/en\/wp-json\/wp\/v2\/posts\/4334\/revisions"}],"wp:featuredmedia":[{"embeddable":true,"href":"https:\/\/nuova.lt\/en\/wp-json\/wp\/v2\/media\/4335"}],"wp:attachment":[{"href":"https:\/\/nuova.lt\/en\/wp-json\/wp\/v2\/media?parent=4334"}],"wp:term":[{"taxonomy":"category","embeddable":true,"href":"https:\/\/nuova.lt\/en\/wp-json\/wp\/v2\/categories?post=4334"},{"taxonomy":"post_tag","embeddable":true,"href":"https:\/\/nuova.lt\/en\/wp-json\/wp\/v2\/tags?post=4334"}],"curies":[{"name":"wp","href":"https:\/\/api.w.org\/{rel}","templated":true}]}}