{"id":4375,"date":"2017-11-27T15:23:04","date_gmt":"2017-11-27T13:23:04","guid":{"rendered":"https:\/\/f4.ecl.lt\/nuova\/2017-12-04-nuova-padovanojo-miestui-istorines-prezidenturos-sodelio-iziebimo-svente-sokam-i-kaledas\/"},"modified":"2024-03-06T09:40:11","modified_gmt":"2024-03-06T07:40:11","slug":"2017-12-04-nuova-padovanojo-miestui-istorines-prezidenturos-sodelio-iziebimo-svente-sokam-i-kaledas","status":"publish","type":"post","link":"https:\/\/nuova.lt\/en\/2017-12-04-nuova-padovanojo-miestui-istorines-prezidenturos-sodelio-iziebimo-svente-sokam-i-kaledas\/","title":{"rendered":"2017-12-04 Nuova padovanojo miestui Istorin\u0117s Prezident\u016bros sodelio \u012f\u017eiebimo \u0161vent\u0119 \u201e\u0160OKAM \u012e KAL\u0116DAS&quot;"},"content":{"rendered":"<p>Kauno Kal\u0117diniai renginiai prasid\u0117jo Istorin\u0117s Prezident\u016bros Sodelio \u012f\u017eiebimu. Jau treti metai i\u0161 Nuova \u012fmoni\u0173 grup\u0117s kolektyvas savanoriauja kuriant Kauno senamies\u010dio draugijos organizuojam\u0105 \u0161vent\u0119 visam miestui. Likus kelioms savait\u0117ms iki renginio Istorin\u0117s Prezident\u016bros Sodelio med\u017eiai buvo i\u0161raizgyti t\u016bkstan\u010diais lempu\u010di\u0173, kurios renginio dien\u0105 nu\u0161vito m\u0117lyna \u0161viesa. M\u0117lynai ap\u0161viestas Sodelis d\u017eiugins kaunie\u010dius ir miesto sve\u010dius iki pat Trij\u0173 Karali\u0173.<\/p>\n<p>Jau tapo tradicija, kad \u0161ventin\u0119 nuotaik\u0105 spinduliuojant\u012f projekt\u0105 savanori\u0161kai palaiko daug Kauno miestui neabejing\u0173 \u017emoni\u0173. Prie Istorin\u0117s Prezident\u016bros sodelio puo\u0161imo kaip ir pernai prisid\u0117jo garsi Kauno meninink\u0117 Jolanta \u0160midtien\u0117. Meninink\u0117 ne tik negail\u0117jo savo laiko ir patarim\u0173, ta\u010diau ir suteik\u0117 galimyb\u0119 panaudoti anks\u010diau Kauno eglut\u0119 puo\u0161usius \u017eaislus, taip prikeldama juos naujam gyvenimui. \u017daislus kabino bei j\u0173 ap\u0161vietimu r\u016bpinosi Nuova \u012fmoni\u0173 grup\u0117s kolektyvas. Karaliaus Mindaugo profesinio mokymo centro floristikos skyriaus mokytojai ir mokiniai pagelb\u0117jo puo\u0161iant Istorin\u0117s Prezident\u016bros Sodelio vartus egli\u0161aki\u0173 vainiku.<\/p>\n<p>Istorin\u0117s Prezident\u016bros Sodelio \u012f\u017eiebimo renginys prad\u0117jo Kauno Kal\u0117dini\u0173 rengini\u0173 maraton\u0105. Prie\u0161kal\u0117dinis laikotarpis yra pats geriausias metas gr\u0105\u017einti miest\u0105 ir skleisti ger\u0105 nuotaik\u0105. Rengin\u012f ved\u0117 Andrius Janu\u0161auskas, kaunie\u010diams gerai \u017einomas i\u0161 kit\u0173 Kauno senamies\u010dio draugijos organizuojam\u0173 rengini\u0173. Susirinkusius pasveikino ir visiems prie Sodelio puo\u0161imo prisid\u0117jusiems pad\u0117kojo Nuova \u012fmoni\u0173 grup\u0117s valdybos pirmininkas ir Kauno senamies\u010dio draugijos valdybos pirmininkas Minvydas Znaidauskas, kurio inicityva ir \u012f gyvendinamas visus kaunie\u010dius d\u017eiuginantis projektas.<\/p>\n<p>[envira-gallery id=&#8221;2562&#8243;]Kaunie\u010diai su \u0161ypsena steb\u0117jo m\u0117lynai \u0161vytin\u010dius med\u017eius, gro\u017e\u0117josi medyje \u012fkurtais ir miestie\u010diams miel\u0105 ankstesni\u0173 met\u0173 eglut\u0119, o gal ir vaikyst\u0119 primenan\u010diais \u017eaislais. Ne vienas praeivis vai\u0161inosi vie\u0161bu\u010dio \u201eCentre hotel\u201c paruo\u0161ta ir VDU Men\u0173 fakulteto savanori\u0173 dalinama kakava, o\u00a0 kai kurie i\u0161dr\u012fso ir pa\u0161okti \u2013 juk tokia ir buvo renginio \u201e\u0160okam \u012f Kal\u0117das\u201c tema.\u00a0 \u0160oki\u0173 studijos &#8222;Dance4fun&#8221; \u012fk\u016br\u0117jai, profesional\u016bs sportini\u0173 \u0161oki\u0173 \u0161ok\u0117jai Gintar\u0117 ir Tomas Slausgalviai pakviet\u0117 renginio \u017ei\u016brovus smagiai pajud\u0117ti \u0161okio ritmu \u2013 juk joks gro\u017eis nesukurs \u0161vent\u0117s be puikios nuotaikos. Po \u0161oki\u0173 sek\u0117 \u012fsp\u016bdingas \u201eUgnies valdov\u0173\u201c pasirodymas. Istorin\u0117s prezident\u016bros sodelyje prad\u0117t\u0105 \u0161vent\u0119 visi norintys t\u0119s\u0117 Kauno miesto eglut\u0117s \u012f\u017eiebime.<\/p>\n<p><img fetchpriority=\"high\" decoding=\"async\" class=\"aligncenter size-full wp-image-2567\" src=\"https:\/\/www.nuova.lt\/wp-content\/uploads\/2017\/11\/IstorinesPrezidenturosIziebimas1202px1000.jpg\" alt=\"IstorinesPrezidenturosIziebimas1202px1000\" width=\"1000\" height=\"523\" \/><\/p>\n<p>&nbsp;<\/p>\n<p><a href=\"https:\/\/www.facebook.com\/pg\/NaujiButaiKauneNuova\/photos\/?tab=album&amp;album_id=1611506625573776\" target=\"_blank\" rel=\"noopener\">Pasigro\u017e\u0117kite renginio akimirkomis \u010dia<\/a><\/p>","protected":false},"excerpt":{"rendered":"<p>Kauno Kal\u0117diniai renginiai prasid\u0117jo Istorin\u0117s Prezident\u016bros Sodelio \u012f\u017eiebimu. Jau treti metai i\u0161 Nuova \u012fmoni\u0173 grup\u0117s kolektyvas savanoriauja kuriant Kauno senamies\u010dio draugijos organizuojam\u0105 \u0161vent\u0119 visam miestui. Likus kelioms savait\u0117ms iki renginio Istorin\u0117s Prezident\u016bros Sodelio med\u017eiai buvo i\u0161raizgyti t\u016bkstan\u010diais lempu\u010di\u0173, kurios renginio dien\u0105 nu\u0161vito m\u0117lyna \u0161viesa. M\u0117lynai ap\u0161viestas Sodelis d\u017eiugins kaunie\u010dius ir miesto sve\u010dius iki pat Trij\u0173 [&hellip;]<\/p>","protected":false},"author":1,"featured_media":4376,"comment_status":"open","ping_status":"closed","sticky":false,"template":"","format":"standard","meta":{"footnotes":""},"categories":[25],"tags":[],"class_list":["post-4375","post","type-post","status-publish","format-standard","has-post-thumbnail","hentry","category-veiklos-pranesimai"],"_links":{"self":[{"href":"https:\/\/nuova.lt\/en\/wp-json\/wp\/v2\/posts\/4375","targetHints":{"allow":["GET"]}}],"collection":[{"href":"https:\/\/nuova.lt\/en\/wp-json\/wp\/v2\/posts"}],"about":[{"href":"https:\/\/nuova.lt\/en\/wp-json\/wp\/v2\/types\/post"}],"author":[{"embeddable":true,"href":"https:\/\/nuova.lt\/en\/wp-json\/wp\/v2\/users\/1"}],"replies":[{"embeddable":true,"href":"https:\/\/nuova.lt\/en\/wp-json\/wp\/v2\/comments?post=4375"}],"version-history":[{"count":0,"href":"https:\/\/nuova.lt\/en\/wp-json\/wp\/v2\/posts\/4375\/revisions"}],"wp:featuredmedia":[{"embeddable":true,"href":"https:\/\/nuova.lt\/en\/wp-json\/wp\/v2\/media\/4376"}],"wp:attachment":[{"href":"https:\/\/nuova.lt\/en\/wp-json\/wp\/v2\/media?parent=4375"}],"wp:term":[{"taxonomy":"category","embeddable":true,"href":"https:\/\/nuova.lt\/en\/wp-json\/wp\/v2\/categories?post=4375"},{"taxonomy":"post_tag","embeddable":true,"href":"https:\/\/nuova.lt\/en\/wp-json\/wp\/v2\/tags?post=4375"}],"curies":[{"name":"wp","href":"https:\/\/api.w.org\/{rel}","templated":true}]}}