{"id":4417,"date":"2018-11-26T13:48:53","date_gmt":"2018-11-26T11:48:53","guid":{"rendered":"https:\/\/f4.ecl.lt\/nuova\/nuova-iziebs-lr-istorines-prezidenturos-sodeli-gruodzio-1-d-17-val\/"},"modified":"2024-03-06T09:40:12","modified_gmt":"2024-03-06T07:40:12","slug":"nuova-iziebs-lr-istorines-prezidenturos-sodeli-gruodzio-1-d-17-val","status":"publish","type":"post","link":"https:\/\/nuova.lt\/en\/nuova-iziebs-lr-istorines-prezidenturos-sodeli-gruodzio-1-d-17-val\/","title":{"rendered":"\u201eNUOVA&quot; \u012f\u017eiebs LR Istorin\u0117s Prezident\u016bros sodel\u012f gruod\u017eio 1 d., 17 val."},"content":{"rendered":"<p>\u201eNUOVA&#8221; jau ketvirtus metus i\u0161 eil\u0117s Kal\u0117diniu laikotarpiu ap\u0161vies kaimynyst\u0117je \u012fsik\u016brus\u012f Istorin\u0117s LR Prezident\u016bros sodel\u012f ir pristatys Kauno senamies\u010dio draugijos organizuojam\u0105 \u012f\u017eiebimo rengin\u012f. \u012emon\u0117s kolektyvas savanoriauja kuriant Kauno senamies\u010dio draugijos organizuojam\u0105 \u0161vent\u0119 visam miestui. Nuova \u012fmoni\u0173 grup\u0117s vyrai sodelio med\u017eius apsuko net 5\u00a0000\u00a0metr\u0173 lempu\u010di\u0173 girliand\u0173.<\/p>\n<p>Prie Istorin\u0117s Prezident\u016bros sodelio puo\u0161imo \u0161iemet taip pat prisid\u0117jo visas b\u016brys Kaunui neabejing\u0173 \u017emoni\u0173:<\/p>\n<p>lempu\u010di\u0173 girliand\u0173 prijungimu r\u016bpinosi Sauliaus Jur\u0161\u0117s individuali \u012fmon\u0117;<\/p>\n<p>baltas med\u017ei\u0173 puo\u0161menas gamino Lietuvos samarie\u010di\u0173 bendrijos Kauno skyrius ir Karaliaus Mindaugo profesionio mokymo centras;<\/p>\n<p>patarimais talkino garsi Kauno meninink\u0117 Jolanta \u0160midtien\u0117.<\/p>\n<p>Kauno senamies\u010dio draugijos organizuojamas Istorin\u0117s Prezident\u016bros Sodelio \u012f\u017eiebimo renginys simboliniu pavadinimu \u201eAtsiminim\u0173 sodas&#8221; prad\u0117s Kauno Kal\u0117dini\u0173 rengini\u0173 maraton\u0105. Renginio kulminacija bus stulbinantis &#8222;Ugnies Teatro&#8221; pasirodymas, po kurio bus pakankamai laiko p\u0117s\u010diomis sp\u0117ti \u012f pagrindin\u0117s Kauno eglut\u0117s \u012f\u017eiebim\u0105.<\/p>\n<p>\u012e\u017eiebimo rengin\u012f \u201eATSIMINIM\u0172 SODAS&#8221; Kaunui dovanoja NUOVA \u012fmoni\u0173 grup\u0117, kartu su Kauno senamies\u010dio draugija,\u00a0Istorine LR Prezident\u016bra Kaune Karaliaus Mindaugo profesinio mokymo centru bei Lietuvos samarie\u010di\u0173 bendrijos kauno skyriumi.<\/p>\n<p>&nbsp;<\/p>\n<p><img fetchpriority=\"high\" decoding=\"async\" class=\"wp-image-2834 size-full aligncenter\" src=\"https:\/\/www.nuova.lt\/wp-content\/uploads\/2018\/11\/EventuiPakoreguot.jpg\" alt=\"EventuiPakoreguot\" width=\"1128\" height=\"460\" \/><\/p>\n<p>&nbsp;<\/p>\n<p>Sodelio \u012f\u017eiebimo renginys prad\u0117s kilnaus tikslo vienijam\u0173 rengini\u0173 cikl\u0105. Kauno senamies\u010dio draugija nori atkreipti d\u0117mes\u012f \u012f \u0161alia po\u017eemin\u0117s per\u0117jos esan\u010di\u0105 <a href=\"http:\/\/www.svc-sakramento-rektoratas.lt\/news.php?list.1.0-Kauno-Svc.-Sakramento-rektoratas\" target=\"_blank\" rel=\"noopener\">Kauno \u0160ven\u010diausio Sakramento ba\u017eny\u010di\u0105<\/a>, \u012f kuri\u0105, pagal susitarim\u0105 Kauno arkivyskupijoje, planuojama \u012fsileisti ne tik tikin\u010diuosius, bet ir pasaulie\u010dius \u2013 meno bei kult\u016bros atstovus. Svajojama ba\u017eny\u010diai priklausan\u010diame komplekse rengti parodas, koncertus, meno instaliacijas. \u0160i\u0105 gra\u017ei\u0105 id\u0117j\u0105 LR Istorin\u0117s Prezident\u016bros Sodelio \u012f\u017eiebimo renginio metu pristatys kunigas Gytis Petras Stumbras.<\/p>\n<div id=\"desktop-post-text-1\" class=\"ad-block-content exit-wrapper\" data-id=\"47959\">Nuobod\u017eiauti neleis daugeliui kaunie\u010di\u0173 puikiai pa\u017e\u012fstamas renginio ved\u0117jas Edvinas Vadoklis, meninio k\u016brybinio ugdymo studija \u201eRit\u0117 Bit\u0117\u201c, misti\u0161k\u0105 atsiminim\u0173 prigimt\u012f atskleis \u201eMim\u0173 teatras\u201c, o finaliniu akcentu taps \u201eUgnies teatro\u201c pasirodymas. Renginio trukm\u0117\u00a0\u2013 40\u00a0minu\u010di\u0173.<\/div>\n<p>Kal\u0117diniam laikotarpiui LR Prezident\u016bros sodelyje sukurtas \u201eAtsiminim\u0173 sodas\u201c taps ir visiems kaunie\u010diams atvira miesto puo\u0161imo erdve. Visi norintys gal\u0117s kurti puo\u0161menas ir kabinti jas specialiai tam skirtoje vietoje. Renginio \u0161eiminink\u0117 LR Istorin\u0117 Prezident\u016bra svetingai atvers savo sodelio vartus, kad kiekvienas kaunietis gal\u0117t\u0173 ne tik g\u0117r\u0117tis, bet ir tapti Kal\u0117dinio gro\u017eio k\u016br\u0117ju.<\/p>\n<p>Sp\u0117lioti, kaip pasigaminti puo\u0161menas taip pat neteks: mokiniai, padedami Kauno senamies\u010dio draugijos, nufilmavo gamybos proces\u0105, tad greitai visi smalsuoliai su\u017einos, kaip pasigaminti atsiminim\u0173 burbulus (<a href=\"https:\/\/goo.gl\/YYi2iX\" target=\"_blank\" rel=\"noopener\">video rasite \u010dia<\/a>). Tada reik\u0117s \u012f juos sud\u0117ti savo atsiminimus ir pakabinti Istorin\u0117s Prezident\u016bros sodelyje.<\/p>\n<p>\u201eAtsiminim\u0173 sodas\u201c veiks iki pat Trij\u0173 Karali\u0173. Vakarais pasig\u0117r\u0117ti \u0161ventine erdve ar atne\u0161ti ir pakabinti savo atsiminim\u0173 burbul\u0105 bus galima kasdien iki 22\u00a0valandos. Po Trij\u0173 Karali\u0173 kaunie\u010di\u0173 puo\u0161men\u0173 laukia dvejopas likimas: jeigu j\u016bs\u0173 atsiminimai blogi\u00a0\u2013 sudeginsime juos kartu su More, jeigu geri\u00a0\u2013 paleisime \u012f dang\u0173! Juk, kaip sak\u0117 vokie\u010di\u0173 ra\u0161ytojas Johannas Paulas Friedrichas Richteris, \u201eAtsiminimai\u00a0\u2013 tai vienintelis rojus, i\u0161 kurio negalime b\u016bti i\u0161varyti.\u201c<\/p>","protected":false},"excerpt":{"rendered":"<p>\u201eNUOVA&#8221; jau ketvirtus metus i\u0161 eil\u0117s Kal\u0117diniu laikotarpiu ap\u0161vies kaimynyst\u0117je \u012fsik\u016brus\u012f Istorin\u0117s LR Prezident\u016bros sodel\u012f ir pristatys Kauno senamies\u010dio draugijos organizuojam\u0105 \u012f\u017eiebimo rengin\u012f. \u012emon\u0117s kolektyvas savanoriauja kuriant Kauno senamies\u010dio draugijos organizuojam\u0105 \u0161vent\u0119 visam miestui. Nuova \u012fmoni\u0173 grup\u0117s vyrai sodelio med\u017eius apsuko net 5\u00a0000\u00a0metr\u0173 lempu\u010di\u0173 girliand\u0173. Prie Istorin\u0117s Prezident\u016bros sodelio puo\u0161imo \u0161iemet taip pat prisid\u0117jo visas [&hellip;]<\/p>","protected":false},"author":1,"featured_media":4418,"comment_status":"open","ping_status":"closed","sticky":false,"template":"","format":"standard","meta":{"footnotes":""},"categories":[22,23,27,25],"tags":[],"class_list":["post-4417","post","type-post","status-publish","format-standard","has-post-thumbnail","hentry","category-mums-rupi-daugiau","category-renginiu-pranesimai","category-uncategorized","category-veiklos-pranesimai"],"_links":{"self":[{"href":"https:\/\/nuova.lt\/en\/wp-json\/wp\/v2\/posts\/4417","targetHints":{"allow":["GET"]}}],"collection":[{"href":"https:\/\/nuova.lt\/en\/wp-json\/wp\/v2\/posts"}],"about":[{"href":"https:\/\/nuova.lt\/en\/wp-json\/wp\/v2\/types\/post"}],"author":[{"embeddable":true,"href":"https:\/\/nuova.lt\/en\/wp-json\/wp\/v2\/users\/1"}],"replies":[{"embeddable":true,"href":"https:\/\/nuova.lt\/en\/wp-json\/wp\/v2\/comments?post=4417"}],"version-history":[{"count":0,"href":"https:\/\/nuova.lt\/en\/wp-json\/wp\/v2\/posts\/4417\/revisions"}],"wp:featuredmedia":[{"embeddable":true,"href":"https:\/\/nuova.lt\/en\/wp-json\/wp\/v2\/media\/4418"}],"wp:attachment":[{"href":"https:\/\/nuova.lt\/en\/wp-json\/wp\/v2\/media?parent=4417"}],"wp:term":[{"taxonomy":"category","embeddable":true,"href":"https:\/\/nuova.lt\/en\/wp-json\/wp\/v2\/categories?post=4417"},{"taxonomy":"post_tag","embeddable":true,"href":"https:\/\/nuova.lt\/en\/wp-json\/wp\/v2\/tags?post=4417"}],"curies":[{"name":"wp","href":"https:\/\/api.w.org\/{rel}","templated":true}]}}