{"id":4434,"date":"2019-05-10T11:29:43","date_gmt":"2019-05-10T08:29:43","guid":{"rendered":"https:\/\/f4.ecl.lt\/nuova\/irengtas-kvartalo-lampedzio-takas-pirmu-namu-apsvietimas\/"},"modified":"2024-03-06T09:40:12","modified_gmt":"2024-03-06T07:40:12","slug":"irengtas-kvartalo-lampedzio-takas-pirmu-namu-apsvietimas","status":"publish","type":"post","link":"https:\/\/nuova.lt\/en\/irengtas-kvartalo-lampedzio-takas-pirmu-namu-apsvietimas\/","title":{"rendered":"\u012erengtas kvartalo \u201eLamp\u0117d\u017eio takas&quot; pirm\u0173 nam\u0173 ap\u0161vietimas"},"content":{"rendered":"<p>Siekiame, kad NUOVA \u012fmoni\u0173 grup\u0117s vystom\u0173 kvartal\u0173 naujakuriai gal\u0117t\u0173 d\u017eiaugtis jaukia aplinka ir dien\u0105, ir jau sutemus.\u00a0 Kvartale <a href=\"https:\/\/www.lampedziotakas.lt\/parduodami-nauji-butai-kaune\" target=\"_blank\" rel=\"noopener\">\u201eLamp\u0117d\u017eio takas&#8221;<\/a> \u012freng\u0117me lauko ap\u0161vietim\u0105 prie pirm\u0173j\u0173 kvartalo nam\u0173.<\/p>\n<p>\u0160iuo metu parduodamas <a href=\"https:\/\/www.lampedziotakas.lt\/namas-2?vars\/aukstas\/1\/butas\/1\" target=\"_blank\" rel=\"noopener\">paskutinis laisvas pirmojo \u201eLamp\u0117d\u017eio takas&#8221; etapo butas su terasa pirmame auk\u0161te<\/a>. Toliau t\u0119siami sekan\u010di\u0173 kvartalo nam\u0173 statybos darbai &#8211; ie\u0161kantys naujo buto Kaune gali rinktis but\u0105 <a href=\"https:\/\/www.lampedziotakas.lt\/3namas?vars\/aukstas\/4\" target=\"_blank\" rel=\"noopener\">3<\/a> arba <a href=\"https:\/\/www.lampedziotakas.lt\/namas-4?vars\/aukstas\/4\" target=\"_blank\" rel=\"noopener\">4<\/a> kvartalo name ir \u012fsikurti dar \u0161iais metais arba rezervuoti b\u016bst\u0105 5, 6, 7, 8 nauose.<\/p>\n<p><img fetchpriority=\"high\" decoding=\"async\" class=\"alignleft wp-image-2941 size-large\" src=\"https:\/\/www.nuova.lt\/wp-content\/uploads\/2019\/05\/Butas_su_terasa_Kaune-1024x681.jpg\" alt=\"Butas_su_terasa_Kaune\" width=\"1024\" height=\"681\" \/><\/p>\n<p>&nbsp;<\/p>","protected":false},"excerpt":{"rendered":"<p>Siekiame, kad NUOVA \u012fmoni\u0173 grup\u0117s vystom\u0173 kvartal\u0173 naujakuriai gal\u0117t\u0173 d\u017eiaugtis jaukia aplinka ir dien\u0105, ir jau sutemus.\u00a0 Kvartale \u201eLamp\u0117d\u017eio takas&#8221; \u012freng\u0117me lauko ap\u0161vietim\u0105 prie pirm\u0173j\u0173 kvartalo nam\u0173. \u0160iuo metu parduodamas paskutinis laisvas pirmojo \u201eLamp\u0117d\u017eio takas&#8221; etapo butas su terasa pirmame auk\u0161te. Toliau t\u0119siami sekan\u010di\u0173 kvartalo nam\u0173 statybos darbai &#8211; ie\u0161kantys naujo buto Kaune gali rinktis [&hellip;]<\/p>","protected":false},"author":1,"featured_media":4435,"comment_status":"open","ping_status":"closed","sticky":false,"template":"","format":"standard","meta":{"footnotes":""},"categories":[27,25],"tags":[],"class_list":["post-4434","post","type-post","status-publish","format-standard","has-post-thumbnail","hentry","category-uncategorized","category-veiklos-pranesimai"],"_links":{"self":[{"href":"https:\/\/nuova.lt\/en\/wp-json\/wp\/v2\/posts\/4434","targetHints":{"allow":["GET"]}}],"collection":[{"href":"https:\/\/nuova.lt\/en\/wp-json\/wp\/v2\/posts"}],"about":[{"href":"https:\/\/nuova.lt\/en\/wp-json\/wp\/v2\/types\/post"}],"author":[{"embeddable":true,"href":"https:\/\/nuova.lt\/en\/wp-json\/wp\/v2\/users\/1"}],"replies":[{"embeddable":true,"href":"https:\/\/nuova.lt\/en\/wp-json\/wp\/v2\/comments?post=4434"}],"version-history":[{"count":0,"href":"https:\/\/nuova.lt\/en\/wp-json\/wp\/v2\/posts\/4434\/revisions"}],"wp:featuredmedia":[{"embeddable":true,"href":"https:\/\/nuova.lt\/en\/wp-json\/wp\/v2\/media\/4435"}],"wp:attachment":[{"href":"https:\/\/nuova.lt\/en\/wp-json\/wp\/v2\/media?parent=4434"}],"wp:term":[{"taxonomy":"category","embeddable":true,"href":"https:\/\/nuova.lt\/en\/wp-json\/wp\/v2\/categories?post=4434"},{"taxonomy":"post_tag","embeddable":true,"href":"https:\/\/nuova.lt\/en\/wp-json\/wp\/v2\/tags?post=4434"}],"curies":[{"name":"wp","href":"https:\/\/api.w.org\/{rel}","templated":true}]}}