{"id":4457,"date":"2020-01-14T11:39:38","date_gmt":"2020-01-14T09:39:38","guid":{"rendered":"https:\/\/f4.ecl.lt\/nuova\/imoniu-grupe-nuova-prisijunge-prie-lntpa\/"},"modified":"2024-03-06T09:40:13","modified_gmt":"2024-03-06T07:40:13","slug":"imoniu-grupe-nuova-prisijunge-prie-lntpa","status":"publish","type":"post","link":"https:\/\/nuova.lt\/en\/imoniu-grupe-nuova-prisijunge-prie-lntpa\/","title":{"rendered":"\u012emoni\u0173 grup\u0117 \u201eNuova\u201c prisijung\u0117 prie LNTPA"},"content":{"rendered":"<p>\u012emoni\u0173 grup\u0117\u00a0<a href=\"https:\/\/www.facebook.com\/nuova.lt\/?__tn__=K-R&amp;eid=ARAcWVuEPobWD9KiLqc16wBpJnT7USjg-I7J4lfDPN86uELsPHI0RJ19Oq1srwr040ppLV18xqsMIk4X&amp;fref=mentions&amp;__xts__%5B0%5D=68.ARC2NOBiWrjqRKtpaKZql33paimcn-jzqW63RYB3ZVNcZgs-jHhQwdx8xzzeatJJ-viTforjmVGWPyGYL8l59HILIBiJtPJ6JoQCDbTfPPvPaYLaL5VrDl1VhVvm07ouMdos9_bjusUTbe8FmK30Cp0mk6AjQ-KAr8pS0H7mpRnPSEykNLG9Emx0PrgH3KcgJ7kX14WztuUis5cuyWC6BPZcgD_8uqVAZCobQTk9rBoqWAatFda3VIsBU1JeokApPYIbTlRxiz2StSKe6b2XHYDP8ZUs9O2CToReOLHssWQotkbrxPXAL3fdOquG1QpgL41fioZLjGzIaCFuK-ydIaZ3rw\" data-hovercard=\"\/ajax\/hovercard\/page.php?id=328787220512396&amp;extragetparams=%7B%22__tn__%22%3A%22%2CdK-R-R%22%2C%22eid%22%3A%22ARAcWVuEPobWD9KiLqc16wBpJnT7USjg-I7J4lfDPN86uELsPHI0RJ19Oq1srwr040ppLV18xqsMIk4X%22%2C%22fref%22%3A%22mentions%22%7D\" data-hovercard-prefer-more-content-show=\"1\">Nuova<\/a>\u00a0tapo\u00a0<a href=\"https:\/\/www.facebook.com\/LNTPA\/?__tn__=K-R&amp;eid=ARB1DpymevKZJxKu2SKJKVExz4ryis1T4EmBnljwMCCeNZ89fDMmC4ROfoUY5aQrO8MLxQ_55ynrmGov&amp;fref=mentions&amp;__xts__%5B0%5D=68.ARC2NOBiWrjqRKtpaKZql33paimcn-jzqW63RYB3ZVNcZgs-jHhQwdx8xzzeatJJ-viTforjmVGWPyGYL8l59HILIBiJtPJ6JoQCDbTfPPvPaYLaL5VrDl1VhVvm07ouMdos9_bjusUTbe8FmK30Cp0mk6AjQ-KAr8pS0H7mpRnPSEykNLG9Emx0PrgH3KcgJ7kX14WztuUis5cuyWC6BPZcgD_8uqVAZCobQTk9rBoqWAatFda3VIsBU1JeokApPYIbTlRxiz2StSKe6b2XHYDP8ZUs9O2CToReOLHssWQotkbrxPXAL3fdOquG1QpgL41fioZLjGzIaCFuK-ydIaZ3rw\" data-hovercard=\"\/ajax\/hovercard\/page.php?id=340106592388&amp;extragetparams=%7B%22__tn__%22%3A%22%2CdK-R-R%22%2C%22eid%22%3A%22ARB1DpymevKZJxKu2SKJKVExz4ryis1T4EmBnljwMCCeNZ89fDMmC4ROfoUY5aQrO8MLxQ_55ynrmGov%22%2C%22fref%22%3A%22mentions%22%7D\" data-hovercard-prefer-more-content-show=\"1\" target=\"_blank\" rel=\"noopener\">Lietuvos nekilnojamojo turto pl\u0117tros asociacija | LNTPA<\/a>\u00a0nariais.<\/p>\n<p>\u201eD\u017eiaugiam\u0117s gal\u0117dami prisijungti prie LNTPA asociacijos, kurioje tur\u0117sime galimyb\u0119 su\u017einoti naujausias NT sektoriaus tendencijas, kurios mums pad\u0117s dar geriau orientuotis \u012f klient\u0173 poreikius\u201c, &#8211; teig\u0117 \u201eNuova Capital\u201c direktorius \u017dilvinas Deveikis.<\/p>\n<p>Nuo 1990 m. \u012fmoni\u0173 grup\u0117 \u201eNuova\u201c i\u0161vyst\u0117 vis\u0105 eil\u0119 komercinio ir gyvenamojo nekilnojamo turto projekt\u0173 bei valdo vie\u0161bu\u010dius Kaune ir paj\u016bryje.<\/p>\n<p>\u201eNuova\u201c \u012fmoni\u0173 grup\u0117 s\u0117kmingai \u012fgyvendino daugiabu\u010di\u0173 nam\u0173 kvartal\u0173 Kaune \u201eSm\u0117liai\u201c ir \u201eAkacij\u0173 vilos\u201c projektus, presti\u017eini\u0173 nam\u0173 kvartalo \u201eBirut\u0117s parkas\u201c Palangoje projekt\u0105, pabaig\u0117 pirm\u0105 ir antr\u0105 etap\u0105 paj\u016brio kvartale \u201eApartamentai kopose\u201c bei tris daugiabu\u010di\u0173 nam\u0173 Kaune \u201eLamp\u0117d\u017eio tako\u201c etapus.<\/p>\n<p>\u0160iuo metu \u201eNuova\u201c \u012fmoni\u0173 grup\u0117 baigia paskutin\u012f daugiabu\u010di\u0173 nam\u0173 kvartalo Kaune \u201eLamp\u0117d\u017eio tako\u201c etap\u0105 bei projektuoja nauj\u0105 multifunkcin\u012f kvartal\u0105 Kauno \u017daliakalnio mikrorajone. \u012emoni\u0173 grup\u0117 savo planuojam\u0173 projekt\u0173 portfelyje taip pat turi nuosav\u0173 nam\u0173 kvartal\u0105 Vai\u0161vydavoje \u201eGar\u0161v\u0117s sl\u0117nis\u201c bei daugiabu\u010di\u0173 nam\u0173 kvartalo \u201eSm\u0117liai\u201c ketvirt\u0105 etap\u0105. \u0160iuo metu \u012fmoni\u0173 grup\u0117 rinkos dalyviams si\u016blo arba artimiausiu metu planuoja pasi\u016blyti \u012fsigijimui arba nuomai vir\u0161 32.000 kv.m. gyvenamojo ir komercinio turto turtini\u0173 vienet\u0173.<\/p>","protected":false},"excerpt":{"rendered":"<p>\u012emoni\u0173 grup\u0117\u00a0Nuova\u00a0tapo\u00a0Lietuvos nekilnojamojo turto pl\u0117tros asociacija | LNTPA\u00a0nariais. \u201eD\u017eiaugiam\u0117s gal\u0117dami prisijungti prie LNTPA asociacijos, kurioje tur\u0117sime galimyb\u0119 su\u017einoti naujausias NT sektoriaus tendencijas, kurios mums pad\u0117s dar geriau orientuotis \u012f klient\u0173 poreikius\u201c, &#8211; teig\u0117 \u201eNuova Capital\u201c direktorius \u017dilvinas Deveikis. Nuo 1990 m. \u012fmoni\u0173 grup\u0117 \u201eNuova\u201c i\u0161vyst\u0117 vis\u0105 eil\u0119 komercinio ir gyvenamojo nekilnojamo turto projekt\u0173 bei valdo [&hellip;]<\/p>","protected":false},"author":1,"featured_media":4458,"comment_status":"open","ping_status":"closed","sticky":false,"template":"","format":"standard","meta":{"footnotes":""},"categories":[27,25],"tags":[],"class_list":["post-4457","post","type-post","status-publish","format-standard","has-post-thumbnail","hentry","category-uncategorized","category-veiklos-pranesimai"],"_links":{"self":[{"href":"https:\/\/nuova.lt\/en\/wp-json\/wp\/v2\/posts\/4457","targetHints":{"allow":["GET"]}}],"collection":[{"href":"https:\/\/nuova.lt\/en\/wp-json\/wp\/v2\/posts"}],"about":[{"href":"https:\/\/nuova.lt\/en\/wp-json\/wp\/v2\/types\/post"}],"author":[{"embeddable":true,"href":"https:\/\/nuova.lt\/en\/wp-json\/wp\/v2\/users\/1"}],"replies":[{"embeddable":true,"href":"https:\/\/nuova.lt\/en\/wp-json\/wp\/v2\/comments?post=4457"}],"version-history":[{"count":0,"href":"https:\/\/nuova.lt\/en\/wp-json\/wp\/v2\/posts\/4457\/revisions"}],"wp:featuredmedia":[{"embeddable":true,"href":"https:\/\/nuova.lt\/en\/wp-json\/wp\/v2\/media\/4458"}],"wp:attachment":[{"href":"https:\/\/nuova.lt\/en\/wp-json\/wp\/v2\/media?parent=4457"}],"wp:term":[{"taxonomy":"category","embeddable":true,"href":"https:\/\/nuova.lt\/en\/wp-json\/wp\/v2\/categories?post=4457"},{"taxonomy":"post_tag","embeddable":true,"href":"https:\/\/nuova.lt\/en\/wp-json\/wp\/v2\/tags?post=4457"}],"curies":[{"name":"wp","href":"https:\/\/api.w.org\/{rel}","templated":true}]}}